{"id":8695,"date":"2017-08-30T14:17:11","date_gmt":"2017-08-30T13:17:11","guid":{"rendered":"https:\/\/www.hotelwindsornice.com\/exposition-gilbert-pedinielli-invite-m-m-au-bar-du-windsor\/"},"modified":"2018-06-27T17:39:10","modified_gmt":"2018-06-27T16:39:10","slug":"exposition-gilbert-pedinielli-invite-m-m-au-bar-du-windsor","status":"publish","type":"post","link":"https:\/\/www.hotelwindsornice.com\/en\/exposition-gilbert-pedinielli-invite-m-m-au-bar-du-windsor\/","title":{"rendered":"Exposition Gilbert Pedinielli invite M.M. au bar du WindsoR 2012"},"content":{"rendered":"<p>Exposition &#8220;Gilbert invite M.M. au bar du WindsoR&#8221; 2013<\/p>\n<p>Prises de vue r\u00e9alis\u00e9es sur des documentaires consacr\u00e9s \u00e0 M.M. qui sont pass\u00e9s \u00e0 la t\u00e9l\u00e9 pendant une p\u00e9riode de 5 ann\u00e9es.<br \/>\n&#8220;J&#8217;essaye de fixer l&#8217;image de la fraction de seconde o\u00f9 la s\u00e9quence passe d&#8217;une sc\u00e8ne \u00e0 l&#8217;autre. Se d\u00e9voilent alors 2 images.&#8221;<br \/>\nLe hasard et la patience r\u00e9v\u00e8lent peu \u00e0 peu la schizophr\u00e9nie de la vedette. S\u00e9rie de 14 photos, impression sur toile 70 X 70. Tir\u00e9es \u00e0 2 exemplaires.<\/p>\n","protected":false},"excerpt":{"rendered":"<p>Exposition &#8220;Gilbert invite M.M. au bar du WindsoR&#8221; 2013 Prises de vue r\u00e9alis\u00e9es sur des documentaires consacr\u00e9s \u00e0 M.M. qui sont pass\u00e9s \u00e0 la t\u00e9l\u00e9 pendant une p\u00e9riode de 5 ann\u00e9es. &#8220;J&#8217;essaye de fixer l&#8217;image de la fraction de seconde o\u00f9 la s\u00e9quence passe d&#8217;une sc\u00e8ne \u00e0 l&#8217;autre. Se d\u00e9voilent alors 2 images.&#8221; Le hasard [&hellip;]<\/p>\n","protected":false},"author":3,"featured_media":0,"comment_status":"closed","ping_status":"open","sticky":false,"template":"","format":"standard","meta":{"_acf_changed":false,"footnotes":""},"categories":[87],"tags":[],"class_list":["post-8695","post","type-post","status-publish","format-standard","hentry","category-expositions-evenements-en"],"acf":[],"_links":{"self":[{"href":"https:\/\/www.hotelwindsornice.com\/en\/wp-json\/wp\/v2\/posts\/8695","targetHints":{"allow":["GET"]}}],"collection":[{"href":"https:\/\/www.hotelwindsornice.com\/en\/wp-json\/wp\/v2\/posts"}],"about":[{"href":"https:\/\/www.hotelwindsornice.com\/en\/wp-json\/wp\/v2\/types\/post"}],"author":[{"embeddable":true,"href":"https:\/\/www.hotelwindsornice.com\/en\/wp-json\/wp\/v2\/users\/3"}],"replies":[{"embeddable":true,"href":"https:\/\/www.hotelwindsornice.com\/en\/wp-json\/wp\/v2\/comments?post=8695"}],"version-history":[{"count":0,"href":"https:\/\/www.hotelwindsornice.com\/en\/wp-json\/wp\/v2\/posts\/8695\/revisions"}],"wp:attachment":[{"href":"https:\/\/www.hotelwindsornice.com\/en\/wp-json\/wp\/v2\/media?parent=8695"}],"wp:term":[{"taxonomy":"category","embeddable":true,"href":"https:\/\/www.hotelwindsornice.com\/en\/wp-json\/wp\/v2\/categories?post=8695"},{"taxonomy":"post_tag","embeddable":true,"href":"https:\/\/www.hotelwindsornice.com\/en\/wp-json\/wp\/v2\/tags?post=8695"}],"curies":[{"name":"wp","href":"https:\/\/api.w.org\/{rel}","templated":true}]}}